{"id":160,"date":"2020-12-30T20:11:23","date_gmt":"2020-12-30T20:11:23","guid":{"rendered":"http:\/\/ingessa.com.mx\/blog\/?p=160"},"modified":"2020-12-30T20:11:25","modified_gmt":"2020-12-30T20:11:25","slug":"rebrote-de-covid-en-diciembre","status":"publish","type":"post","link":"https:\/\/ingessa.com.mx\/blog\/rebrote-de-covid-en-diciembre\/","title":{"rendered":"REBROTE DE COVID EN DICIEMBRE"},"content":{"rendered":"\n<p>Estimados lectores, sean bienvenidos, una vez m\u00e1s, a su blog de INGESSA. En esta ocasi\u00f3n abordaremos un tema que, tristemente, se est\u00e1 convirtiendo en tendencia a nivel mundial<strong>: la segunda (y potencialmente m\u00e1s grande) ola de contagios por el SARS-COV2.<\/strong> Y es que en&nbsp; las naciones m\u00e1s afectadas del viejo continente se comienzan a encender las alarmas ante una nueva saturaci\u00f3n de los hospitales, y seg\u00fan el diario El Pa\u00eds<strong>, este pico oto\u00f1al ya se ha cobrado m\u00e1s vidas que aquel que se inici\u00f3 hace m\u00e1s de 8 meses en los pa\u00edses de la Uni\u00f3n Europea y se pronostican cifras terribles para el invierno<\/strong>, a pesar de las vacunas que apenas comienzan a emerger.<\/p>\n\n\n\n<p>Empero, \u00bfqu\u00e9 est\u00e1 sucediendo en M\u00e9xico? Lamentablemente, m\u00e1s o menos lo mismo. Los datos aportados por EL PA\u00cdS M\u00c9XICO: <strong>la ocupaci\u00f3n hospitalaria de la CDMX ya ha rebasado un peligroso 78% en las camas generales y un 66% en aquellas que cuentan con un&nbsp; respirador artificial.<\/strong> Sin embargo (y contradiciendo lo sostenido durante el primer embate del virus en nuestro pa\u00eds), la capital ha cerrado sus puertas, aunque pareciera no tener intenci\u00f3n de hacerlo, llevando un ficticio sem\u00e1foro de color naranja cada vez m\u00e1s intenso y escud\u00e1ndose en que la decisi\u00f3n del confinamiento debe ser tomada por el Gobierno Federal (a pesar de que este hab\u00eda pronunciado una independencia de las entidades en la toma de esta sentencia).<\/p>\n\n\n\n<p>Adem\u00e1s, el pasado viernes 11 de diciembre, el secretario de Salud P\u00fablica, el Dr. Hugo L\u00f3pez Gatell, declar\u00f3 que \u201cEl comportamiento que tengamos depende de que la epidemia se acelere o desacelere. Es un asunto de conciencia p\u00fablica. La Secretar\u00eda no va a ir a cerrar un centro comercial\u201d.&nbsp; La pregunta obligada es <strong>\u00bfPor qu\u00e9 M\u00e9xico y la CDMX se negaban a regresar a un sem\u00e1foro rojo, a\u00fan y cuando todo pareciera obligarles a hacerlo? <\/strong>La posible respuesta fue otorgada por la Confederaci\u00f3n de C\u00e1maras Industriales de M\u00e9xico, a trav\u00e9s de su representante Alejandro Magall\u00f3n, quien declar\u00f3, desde hace varios meses, que <strong>\u201cM\u00e9xico no aguantar\u00e1 un segundo cierre de actividades por rebrote de Covid-19\u201d.<\/strong><\/p>\n\n\n\n<p>&nbsp;Las pruebas, que eran una deuda que M\u00e9xico ten\u00eda ante la pandemia, ahora se han convertido en un indicador altamente preocupante, puesto que se realizan cada vez con mayor frecuencia y arrojan cifras desconcertantes, recordando que <strong>el pasado 4 de diciembre se registraron 12 mil 253 contagios en 24 horas. <\/strong>A pesar de todo lo que ya se ha mencionado, las medidas parecen no cambiar demasiado: <strong>cierre de negocios a horas fijas, prohibici\u00f3n de venta de comida en v\u00eda p\u00fablica, delimitaci\u00f3n y cierre de calles del Centro Hist\u00f3rico, etc.<\/strong><\/p>\n\n\n\n<p>Ante el escenario que se percibe y puede predecirse, <strong>lo que seguir\u00e1 siendo fundamental es el contar con espacios desinfectados y libres de riesgo. <\/strong>En INGESSA, como una empresa especializada en la materia<strong>, nos preocupamos sobre manera por ayudar a los responsables de los espacios p\u00fablicos y privados que requieran del servicio de Sanitizaci\u00f3n, pues podemos asegurar que, nuestro equipo material y humano, son de la mayor calidad posible y mantendremos la seguridad a tope para garantizar la tranquilidad y salud de las personas.<\/strong> Para nosotros ser\u00e1 todo un honor colaborar a mantener un pa\u00eds que salga avante de esta pandemia.<\/p>\n\n\n\n<figure class=\"wp-block-image size-large\"><img loading=\"lazy\" decoding=\"async\" width=\"580\" height=\"385\" src=\"https:\/\/ingessa.com.mx\/blog\/wp-content\/uploads\/2020\/12\/image.png\" alt=\"\" class=\"wp-image-161\" srcset=\"https:\/\/ingessa.com.mx\/blog\/wp-content\/uploads\/2020\/12\/image.png 580w, https:\/\/ingessa.com.mx\/blog\/wp-content\/uploads\/2020\/12\/image-300x199.png 300w\" sizes=\"auto, (max-width: 580px) 100vw, 580px\" \/><\/figure>\n","protected":false},"excerpt":{"rendered":"<p>Estimados lectores, sean bienvenidos, una vez m\u00e1s, a su blog de INGESSA. En esta ocasi\u00f3n abordaremos un tema que, tristemente, se est\u00e1 convirtiendo en tendencia a nivel mundial: la segunda (y potencialmente m\u00e1s grande) ola de contagios por el SARS-COV2. Y es que en&nbsp; las naciones m\u00e1s afectadas del viejo continente se comienzan a encender &hellip; <\/p>\n<p class=\"link-more\"><a href=\"https:\/\/ingessa.com.mx\/blog\/rebrote-de-covid-en-diciembre\/\" class=\"more-link\">Continuar leyendo<span class=\"screen-reader-text\"> &#8220;REBROTE DE COVID EN DICIEMBRE&#8221;<\/span><\/a><\/p>\n","protected":false},"author":1,"featured_media":0,"comment_status":"open","ping_status":"open","sticky":true,"template":"","format":"standard","meta":{"om_disable_all_campaigns":false,"_monsterinsights_skip_tracking":false,"_monsterinsights_sitenote_active":false,"_monsterinsights_sitenote_note":"","_monsterinsights_sitenote_category":0,"spay_email":"","footnotes":""},"categories":[1],"tags":[],"class_list":["post-160","post","type-post","status-publish","format-standard","hentry","category-uncategorized"],"yoast_head":"<!-- This site is optimized with the Yoast SEO plugin v24.8.1 - https:\/\/yoast.com\/wordpress\/plugins\/seo\/ -->\n<title>REBROTE DE COVID EN DICIEMBRE - INGESSA<\/title>\n<meta name=\"robots\" content=\"index, follow, max-snippet:-1, max-image-preview:large, max-video-preview:-1\" \/>\n<link rel=\"canonical\" href=\"http:\/\/ingessa.com.mx\/blog\/rebrote-de-covid-en-diciembre\/\" \/>\n<meta property=\"og:locale\" content=\"es_MX\" \/>\n<meta property=\"og:type\" content=\"article\" \/>\n<meta property=\"og:title\" content=\"REBROTE DE COVID EN DICIEMBRE - INGESSA\" \/>\n<meta property=\"og:description\" content=\"Estimados lectores, sean bienvenidos, una vez m\u00e1s, a su blog de INGESSA. En esta ocasi\u00f3n abordaremos un tema que, tristemente, se est\u00e1 convirtiendo en tendencia a nivel mundial: la segunda (y potencialmente m\u00e1s grande) ola de contagios por el SARS-COV2. Y es que en&nbsp; las naciones m\u00e1s afectadas del viejo continente se comienzan a encender &hellip; Continuar leyendo &quot;REBROTE DE COVID EN DICIEMBRE&quot;\" \/>\n<meta property=\"og:url\" content=\"http:\/\/ingessa.com.mx\/blog\/rebrote-de-covid-en-diciembre\/\" \/>\n<meta property=\"og:site_name\" content=\"INGESSA\" \/>\n<meta property=\"article:publisher\" content=\"https:\/\/www.facebook.com\/ingessamx\" \/>\n<meta property=\"article:published_time\" content=\"2020-12-30T20:11:23+00:00\" \/>\n<meta property=\"article:modified_time\" content=\"2020-12-30T20:11:25+00:00\" \/>\n<meta property=\"og:image\" content=\"https:\/\/ingessa.com.mx\/blog\/wp-content\/uploads\/2020\/12\/image.png\" \/>\n<meta name=\"author\" content=\"admin\" \/>\n<meta name=\"twitter:card\" content=\"summary_large_image\" \/>\n<meta name=\"twitter:label1\" content=\"Escrito por\" \/>\n\t<meta name=\"twitter:data1\" content=\"admin\" \/>\n\t<meta name=\"twitter:label2\" content=\"Tiempo de lectura\" \/>\n\t<meta name=\"twitter:data2\" content=\"3 minutos\" \/>\n<script type=\"application\/ld+json\" class=\"yoast-schema-graph\">{\"@context\":\"https:\/\/schema.org\",\"@graph\":[{\"@type\":\"Article\",\"@id\":\"http:\/\/ingessa.com.mx\/blog\/rebrote-de-covid-en-diciembre\/#article\",\"isPartOf\":{\"@id\":\"http:\/\/ingessa.com.mx\/blog\/rebrote-de-covid-en-diciembre\/\"},\"author\":{\"name\":\"admin\",\"@id\":\"http:\/\/ingessa.com.mx\/blog\/#\/schema\/person\/d0391794a9444f4283daa4d2c2e68eb6\"},\"headline\":\"REBROTE DE COVID EN DICIEMBRE\",\"datePublished\":\"2020-12-30T20:11:23+00:00\",\"dateModified\":\"2020-12-30T20:11:25+00:00\",\"mainEntityOfPage\":{\"@id\":\"http:\/\/ingessa.com.mx\/blog\/rebrote-de-covid-en-diciembre\/\"},\"wordCount\":585,\"commentCount\":0,\"publisher\":{\"@id\":\"http:\/\/ingessa.com.mx\/blog\/#organization\"},\"image\":{\"@id\":\"http:\/\/ingessa.com.mx\/blog\/rebrote-de-covid-en-diciembre\/#primaryimage\"},\"thumbnailUrl\":\"https:\/\/ingessa.com.mx\/blog\/wp-content\/uploads\/2020\/12\/image.png\",\"articleSection\":[\"Uncategorized\"],\"inLanguage\":\"es\",\"potentialAction\":[{\"@type\":\"CommentAction\",\"name\":\"Comment\",\"target\":[\"http:\/\/ingessa.com.mx\/blog\/rebrote-de-covid-en-diciembre\/#respond\"]}]},{\"@type\":\"WebPage\",\"@id\":\"http:\/\/ingessa.com.mx\/blog\/rebrote-de-covid-en-diciembre\/\",\"url\":\"http:\/\/ingessa.com.mx\/blog\/rebrote-de-covid-en-diciembre\/\",\"name\":\"REBROTE DE COVID EN DICIEMBRE - INGESSA\",\"isPartOf\":{\"@id\":\"http:\/\/ingessa.com.mx\/blog\/#website\"},\"primaryImageOfPage\":{\"@id\":\"http:\/\/ingessa.com.mx\/blog\/rebrote-de-covid-en-diciembre\/#primaryimage\"},\"image\":{\"@id\":\"http:\/\/ingessa.com.mx\/blog\/rebrote-de-covid-en-diciembre\/#primaryimage\"},\"thumbnailUrl\":\"https:\/\/ingessa.com.mx\/blog\/wp-content\/uploads\/2020\/12\/image.png\",\"datePublished\":\"2020-12-30T20:11:23+00:00\",\"dateModified\":\"2020-12-30T20:11:25+00:00\",\"breadcrumb\":{\"@id\":\"http:\/\/ingessa.com.mx\/blog\/rebrote-de-covid-en-diciembre\/#breadcrumb\"},\"inLanguage\":\"es\",\"potentialAction\":[{\"@type\":\"ReadAction\",\"target\":[\"http:\/\/ingessa.com.mx\/blog\/rebrote-de-covid-en-diciembre\/\"]}]},{\"@type\":\"ImageObject\",\"inLanguage\":\"es\",\"@id\":\"http:\/\/ingessa.com.mx\/blog\/rebrote-de-covid-en-diciembre\/#primaryimage\",\"url\":\"https:\/\/ingessa.com.mx\/blog\/wp-content\/uploads\/2020\/12\/image.png\",\"contentUrl\":\"https:\/\/ingessa.com.mx\/blog\/wp-content\/uploads\/2020\/12\/image.png\",\"width\":580,\"height\":385},{\"@type\":\"BreadcrumbList\",\"@id\":\"http:\/\/ingessa.com.mx\/blog\/rebrote-de-covid-en-diciembre\/#breadcrumb\",\"itemListElement\":[{\"@type\":\"ListItem\",\"position\":1,\"name\":\"Inicio\",\"item\":\"http:\/\/ingessa.com.mx\/blog\/\"},{\"@type\":\"ListItem\",\"position\":2,\"name\":\"REBROTE DE COVID EN DICIEMBRE\"}]},{\"@type\":\"WebSite\",\"@id\":\"http:\/\/ingessa.com.mx\/blog\/#website\",\"url\":\"http:\/\/ingessa.com.mx\/blog\/\",\"name\":\"INGESSA Control de plagas\",\"description\":\"Control de Plagas, Limpieza y Jardiner\u00eda\",\"publisher\":{\"@id\":\"http:\/\/ingessa.com.mx\/blog\/#organization\"},\"potentialAction\":[{\"@type\":\"SearchAction\",\"target\":{\"@type\":\"EntryPoint\",\"urlTemplate\":\"http:\/\/ingessa.com.mx\/blog\/?s={search_term_string}\"},\"query-input\":{\"@type\":\"PropertyValueSpecification\",\"valueRequired\":true,\"valueName\":\"search_term_string\"}}],\"inLanguage\":\"es\"},{\"@type\":\"Organization\",\"@id\":\"http:\/\/ingessa.com.mx\/blog\/#organization\",\"name\":\"INGESSA\",\"url\":\"http:\/\/ingessa.com.mx\/blog\/\",\"logo\":{\"@type\":\"ImageObject\",\"inLanguage\":\"es\",\"@id\":\"http:\/\/ingessa.com.mx\/blog\/#\/schema\/logo\/image\/\",\"url\":\"http:\/\/ingessa.com.mx\/blog\/wp-content\/uploads\/2018\/11\/ingessa-logo-200x200px.png\",\"contentUrl\":\"http:\/\/ingessa.com.mx\/blog\/wp-content\/uploads\/2018\/11\/ingessa-logo-200x200px.png\",\"width\":200,\"height\":200,\"caption\":\"INGESSA\"},\"image\":{\"@id\":\"http:\/\/ingessa.com.mx\/blog\/#\/schema\/logo\/image\/\"},\"sameAs\":[\"https:\/\/www.facebook.com\/ingessamx\"]},{\"@type\":\"Person\",\"@id\":\"http:\/\/ingessa.com.mx\/blog\/#\/schema\/person\/d0391794a9444f4283daa4d2c2e68eb6\",\"name\":\"admin\",\"url\":\"https:\/\/ingessa.com.mx\/blog\/author\/admin\/\"}]}<\/script>\n<!-- \/ Yoast SEO plugin. -->","yoast_head_json":{"title":"REBROTE DE COVID EN DICIEMBRE - INGESSA","robots":{"index":"index","follow":"follow","max-snippet":"max-snippet:-1","max-image-preview":"max-image-preview:large","max-video-preview":"max-video-preview:-1"},"canonical":"http:\/\/ingessa.com.mx\/blog\/rebrote-de-covid-en-diciembre\/","og_locale":"es_MX","og_type":"article","og_title":"REBROTE DE COVID EN DICIEMBRE - INGESSA","og_description":"Estimados lectores, sean bienvenidos, una vez m\u00e1s, a su blog de INGESSA. En esta ocasi\u00f3n abordaremos un tema que, tristemente, se est\u00e1 convirtiendo en tendencia a nivel mundial: la segunda (y potencialmente m\u00e1s grande) ola de contagios por el SARS-COV2. Y es que en&nbsp; las naciones m\u00e1s afectadas del viejo continente se comienzan a encender &hellip; Continuar leyendo \"REBROTE DE COVID EN DICIEMBRE\"","og_url":"http:\/\/ingessa.com.mx\/blog\/rebrote-de-covid-en-diciembre\/","og_site_name":"INGESSA","article_publisher":"https:\/\/www.facebook.com\/ingessamx","article_published_time":"2020-12-30T20:11:23+00:00","article_modified_time":"2020-12-30T20:11:25+00:00","og_image":[{"url":"https:\/\/ingessa.com.mx\/blog\/wp-content\/uploads\/2020\/12\/image.png","type":"","width":"","height":""}],"author":"admin","twitter_card":"summary_large_image","twitter_misc":{"Escrito por":"admin","Tiempo de lectura":"3 minutos"},"schema":{"@context":"https:\/\/schema.org","@graph":[{"@type":"Article","@id":"http:\/\/ingessa.com.mx\/blog\/rebrote-de-covid-en-diciembre\/#article","isPartOf":{"@id":"http:\/\/ingessa.com.mx\/blog\/rebrote-de-covid-en-diciembre\/"},"author":{"name":"admin","@id":"http:\/\/ingessa.com.mx\/blog\/#\/schema\/person\/d0391794a9444f4283daa4d2c2e68eb6"},"headline":"REBROTE DE COVID EN DICIEMBRE","datePublished":"2020-12-30T20:11:23+00:00","dateModified":"2020-12-30T20:11:25+00:00","mainEntityOfPage":{"@id":"http:\/\/ingessa.com.mx\/blog\/rebrote-de-covid-en-diciembre\/"},"wordCount":585,"commentCount":0,"publisher":{"@id":"http:\/\/ingessa.com.mx\/blog\/#organization"},"image":{"@id":"http:\/\/ingessa.com.mx\/blog\/rebrote-de-covid-en-diciembre\/#primaryimage"},"thumbnailUrl":"https:\/\/ingessa.com.mx\/blog\/wp-content\/uploads\/2020\/12\/image.png","articleSection":["Uncategorized"],"inLanguage":"es","potentialAction":[{"@type":"CommentAction","name":"Comment","target":["http:\/\/ingessa.com.mx\/blog\/rebrote-de-covid-en-diciembre\/#respond"]}]},{"@type":"WebPage","@id":"http:\/\/ingessa.com.mx\/blog\/rebrote-de-covid-en-diciembre\/","url":"http:\/\/ingessa.com.mx\/blog\/rebrote-de-covid-en-diciembre\/","name":"REBROTE DE COVID EN DICIEMBRE - INGESSA","isPartOf":{"@id":"http:\/\/ingessa.com.mx\/blog\/#website"},"primaryImageOfPage":{"@id":"http:\/\/ingessa.com.mx\/blog\/rebrote-de-covid-en-diciembre\/#primaryimage"},"image":{"@id":"http:\/\/ingessa.com.mx\/blog\/rebrote-de-covid-en-diciembre\/#primaryimage"},"thumbnailUrl":"https:\/\/ingessa.com.mx\/blog\/wp-content\/uploads\/2020\/12\/image.png","datePublished":"2020-12-30T20:11:23+00:00","dateModified":"2020-12-30T20:11:25+00:00","breadcrumb":{"@id":"http:\/\/ingessa.com.mx\/blog\/rebrote-de-covid-en-diciembre\/#breadcrumb"},"inLanguage":"es","potentialAction":[{"@type":"ReadAction","target":["http:\/\/ingessa.com.mx\/blog\/rebrote-de-covid-en-diciembre\/"]}]},{"@type":"ImageObject","inLanguage":"es","@id":"http:\/\/ingessa.com.mx\/blog\/rebrote-de-covid-en-diciembre\/#primaryimage","url":"https:\/\/ingessa.com.mx\/blog\/wp-content\/uploads\/2020\/12\/image.png","contentUrl":"https:\/\/ingessa.com.mx\/blog\/wp-content\/uploads\/2020\/12\/image.png","width":580,"height":385},{"@type":"BreadcrumbList","@id":"http:\/\/ingessa.com.mx\/blog\/rebrote-de-covid-en-diciembre\/#breadcrumb","itemListElement":[{"@type":"ListItem","position":1,"name":"Inicio","item":"http:\/\/ingessa.com.mx\/blog\/"},{"@type":"ListItem","position":2,"name":"REBROTE DE COVID EN DICIEMBRE"}]},{"@type":"WebSite","@id":"http:\/\/ingessa.com.mx\/blog\/#website","url":"http:\/\/ingessa.com.mx\/blog\/","name":"INGESSA Control de plagas","description":"Control de Plagas, Limpieza y Jardiner\u00eda","publisher":{"@id":"http:\/\/ingessa.com.mx\/blog\/#organization"},"potentialAction":[{"@type":"SearchAction","target":{"@type":"EntryPoint","urlTemplate":"http:\/\/ingessa.com.mx\/blog\/?s={search_term_string}"},"query-input":{"@type":"PropertyValueSpecification","valueRequired":true,"valueName":"search_term_string"}}],"inLanguage":"es"},{"@type":"Organization","@id":"http:\/\/ingessa.com.mx\/blog\/#organization","name":"INGESSA","url":"http:\/\/ingessa.com.mx\/blog\/","logo":{"@type":"ImageObject","inLanguage":"es","@id":"http:\/\/ingessa.com.mx\/blog\/#\/schema\/logo\/image\/","url":"http:\/\/ingessa.com.mx\/blog\/wp-content\/uploads\/2018\/11\/ingessa-logo-200x200px.png","contentUrl":"http:\/\/ingessa.com.mx\/blog\/wp-content\/uploads\/2018\/11\/ingessa-logo-200x200px.png","width":200,"height":200,"caption":"INGESSA"},"image":{"@id":"http:\/\/ingessa.com.mx\/blog\/#\/schema\/logo\/image\/"},"sameAs":["https:\/\/www.facebook.com\/ingessamx"]},{"@type":"Person","@id":"http:\/\/ingessa.com.mx\/blog\/#\/schema\/person\/d0391794a9444f4283daa4d2c2e68eb6","name":"admin","url":"https:\/\/ingessa.com.mx\/blog\/author\/admin\/"}]}},"jetpack_featured_media_url":"","_links":{"self":[{"href":"https:\/\/ingessa.com.mx\/blog\/wp-json\/wp\/v2\/posts\/160","targetHints":{"allow":["GET"]}}],"collection":[{"href":"https:\/\/ingessa.com.mx\/blog\/wp-json\/wp\/v2\/posts"}],"about":[{"href":"https:\/\/ingessa.com.mx\/blog\/wp-json\/wp\/v2\/types\/post"}],"author":[{"embeddable":true,"href":"https:\/\/ingessa.com.mx\/blog\/wp-json\/wp\/v2\/users\/1"}],"replies":[{"embeddable":true,"href":"https:\/\/ingessa.com.mx\/blog\/wp-json\/wp\/v2\/comments?post=160"}],"version-history":[{"count":1,"href":"https:\/\/ingessa.com.mx\/blog\/wp-json\/wp\/v2\/posts\/160\/revisions"}],"predecessor-version":[{"id":162,"href":"https:\/\/ingessa.com.mx\/blog\/wp-json\/wp\/v2\/posts\/160\/revisions\/162"}],"wp:attachment":[{"href":"https:\/\/ingessa.com.mx\/blog\/wp-json\/wp\/v2\/media?parent=160"}],"wp:term":[{"taxonomy":"category","embeddable":true,"href":"https:\/\/ingessa.com.mx\/blog\/wp-json\/wp\/v2\/categories?post=160"},{"taxonomy":"post_tag","embeddable":true,"href":"https:\/\/ingessa.com.mx\/blog\/wp-json\/wp\/v2\/tags?post=160"}],"curies":[{"name":"wp","href":"https:\/\/api.w.org\/{rel}","templated":true}]}}